{"id":194,"date":"2023-03-16T11:34:02","date_gmt":"2023-03-16T10:34:02","guid":{"rendered":"https:\/\/pilfood.es\/?p=194"},"modified":"2025-05-06T08:04:25","modified_gmt":"2025-05-06T06:04:25","slug":"por-que-se-cae-mas-el-cabello-en-otono","status":"publish","type":"post","link":"https:\/\/pilfood.es\/es\/blog\/hombre-y-mujer\/por-que-se-cae-mas-el-cabello-en-otono\/","title":{"rendered":"\u00bfPor qu\u00e9 se cae m\u00e1s el cabello en oto\u00f1o?"},"content":{"rendered":"\n<div class=\"wp-block-karopharma-product-promotion text-align-left pt-medium pb-medium bg-center bg-cover bg-no-repeat  is-style-primary\" style=\"background-image:url()\"><div class=\"container max-w-medium\">\n<div class=\"wp-block-group is-layout-flow wp-block-group-is-layout-flow\">\n<figure class=\"wp-block-karopharma-product-promotion-image product-promotion-image\"><img decoding=\"async\" datatest=\"image\" src=\"https:\/\/pilfood.es\/cdn-cgi\/image\/format=auto\/app\/uploads\/2023\/03\/por-que.jpg\" loading=\"eager\" alt=\"Promoted product image\" srcset=\"https:\/\/pilfood.es\/cdn-cgi\/image\/format=auto,width=584\/app\/uploads\/2023\/03\/por-que.jpg 584w, https:\/\/pilfood.es\/cdn-cgi\/image\/format=auto,width=272\/app\/uploads\/2023\/03\/por-que.jpg 272w\" sizes=\"(max-width: 584px) 100vw, 584px\"\/><\/figure>\n<\/div>\n\n\n\n<div class=\"wp-block-group is-layout-flow wp-block-group-is-layout-flow\">\n<h1 class=\"title is-style-heading-large wp-block-heading\">\u00bfPor qu\u00e9 se cae m\u00e1s el cabello en oto\u00f1o?<\/h1>\n\n\n\n<h2 class=\"heading is-style-heading-h1 wp-block-heading\"><\/h2>\n\n\n\n<p class=\"is-style-paragraph-preamble\">Aunque no a todo el mundo le pasa, cuando se produce el cambio de estaci\u00f3n de verano a oto\u00f1o nuestro cabello cae m\u00e1s.<strong> \u00bfQuieres saber el por qu\u00e9?<\/strong><\/p>\n\n\n\n<p>La llegada del oto\u00f1o marca una nueva etapa del a\u00f1o. La vuelta a la rutina, el fin de las vacaciones y el inicio de un fen\u00f3meno que acostumbra a ocurrir en nuestro cabello. Y es que \u00e9ste como tambi\u00e9n pasa en las hojas del los \u00e1rboles suele caer m\u00e1s con la llegada del oto\u00f1o. Esto puede inquietarnos, pero la verdad es que es un proceso natural.<\/p>\n\n\n\n<div class=\"wp-block-buttons is-layout-flex wp-block-buttons-is-layout-flex\"><\/div>\n<\/div>\n<\/div><\/div>\n\n\n\n<div class=\"wp-block-karopharma-free-text pt-large pb-large bg-center bg-cover bg-no-repeat\" style=\"background-image:url()\"><div class=\"free-text-wrapper container max-w-medium text-left\">\n<p>De hecho, ten en cuenta que seg\u00fan los especialistas, de cada 100 cabellos que tenemos, siempre hay un 12-15% en fase de recambio. Entonces si nuestro cabello est\u00e1 en constante cambio, \u00bfpor qu\u00e9 se cae m\u00e1s en oto\u00f1o?<\/p>\n\n\n\n<p>Pues la respuesta est\u00e1 en el hecho que los cabellos tardan unos tres meses desde que mueren hasta que caen definitivamente. Y es durante la primavera cuando el cabello muere m\u00e1s, por eso, como tarda unos meses en caerse, percibimos este aumento de la frecuencia de ca\u00edda en oto\u00f1o. Adem\u00e1s, si tenemos el cabello largo lo notaremos a\u00fan m\u00e1s.<\/p>\n\n\n\n<p>Pero no hay que alarmarse, ya que, en general, casi todos los cabellos que se caen se recuperan en unos meses.<\/p>\n\n\n\n<p>Sin embargo, si es una situaci\u00f3n que nos incomoda y molesta, podemos utilizar tratamientos preventivos, que minimizaran la ca\u00edda del cabello y le devolver\u00e1n su estado natural. Para ello, Pilfood cuenta con la l\u00ednea Pilfood Direct con el champ\u00fa y la loci\u00f3n spray antica\u00edda y Pilfood Complex con los comprimidos y c\u00e1psulas para el cuidado de tu cabello.<\/p>\n<\/div><\/div>\n\n\n<div class=\"product-list wp-block-karopharma-product-list\" data-testid=\"product-list\">\n      <div class=\"swiper-container\">\n      <div class=\"swiper\">\n        <div class=\"swiper-wrapper\">\n                      <div class=\"swiper-slide\">\n              <div class=\"product-card\" data-testid=\"product-card\">\n  <a\n    href=https:\/\/pilfood.es\/es\/producto\/pilfood-complex-density-capsules\/\n    class=\"product-card-link\"\n    title=\"Pilfood\u00ae Complex Density Capsules\"\n  >\n  <figure class=\"product-card-image\" data-testid=\"product-image\">\n                          <img decoding=\"async\" src=\"https:\/\/pilfood.es\/cdn-cgi\/image\/width=700,format=auto\/app\/uploads\/2023\/03\/Pilfood-Complex-Density-60-capsulas.png\"\n        srcset=\"https:\/\/pilfood.es\/cdn-cgi\/image\/width=250,format=auto\/app\/uploads\/2023\/03\/Pilfood-Complex-Density-60-capsulas.png 250w,\n                https:\/\/pilfood.es\/cdn-cgi\/image\/width=500,format=auto\/app\/uploads\/2023\/03\/Pilfood-Complex-Density-60-capsulas.png 500w,\n                https:\/\/pilfood.es\/cdn-cgi\/image\/width=700,format=auto\/app\/uploads\/2023\/03\/Pilfood-Complex-Density-60-capsulas.png 700w\"\n        sizes=\"(max-width: 400px) 250px, (max-width: 800px) 500px, 700px\"\n        alt=\"Pilfood-Complex-Density-60-ca\u0301psulas\"\n        class=\"img\">\n            <\/figure>\n    <div class=\"product-card-content\">\n      <div class=\"heading-wrapper\">\n        <h2 class=\"heading\">Pilfood\u00ae Complex Density Capsules<\/h2>\n      <\/div>\n      <div class=\"product-card-description\">El 96% de los usuarios confirman un aumento de cabellos<\/div>\n                      <\/div>\n  <\/a>\n      <div class=\"button-wrapper\">\n    <a\n      href=https:\/\/pilfood.es\/es\/producto\/pilfood-complex-density-capsules\/\n      target=_self\n      class=\"theme-button button-primary-color rounded-button\"\n      rel=\"noopener\"\n      title=\"M\u00e1s informaci\u00f3n\"\n    >\n       M\u00e1s informaci\u00f3n\n    <\/a>\n<\/div>  <\/div>\n            <\/div>\n                      <div class=\"swiper-slide\">\n              <div class=\"product-card\" data-testid=\"product-card\">\n  <a\n    href=https:\/\/pilfood.es\/es\/producto\/pilfood-complex-energy-hair-comprimidos\/\n    class=\"product-card-link\"\n    title=\"Pilfood\u00ae Complex Energy Hair \u2013 Comprimidos\"\n  >\n  <figure class=\"product-card-image\" data-testid=\"product-image\">\n                          <img decoding=\"async\" src=\"https:\/\/pilfood.es\/cdn-cgi\/image\/width=700,format=auto\/app\/uploads\/2023\/03\/Pilfood-Complex-Energy-Hair-60-comprimidos.png\"\n        srcset=\"https:\/\/pilfood.es\/cdn-cgi\/image\/width=250,format=auto\/app\/uploads\/2023\/03\/Pilfood-Complex-Energy-Hair-60-comprimidos.png 250w,\n                https:\/\/pilfood.es\/cdn-cgi\/image\/width=500,format=auto\/app\/uploads\/2023\/03\/Pilfood-Complex-Energy-Hair-60-comprimidos.png 500w,\n                https:\/\/pilfood.es\/cdn-cgi\/image\/width=700,format=auto\/app\/uploads\/2023\/03\/Pilfood-Complex-Energy-Hair-60-comprimidos.png 700w\"\n        sizes=\"(max-width: 400px) 250px, (max-width: 800px) 500px, 700px\"\n        alt=\"Pilfood-Complex-Energy-Hair-60-comprimidos\"\n        class=\"img\">\n            <\/figure>\n    <div class=\"product-card-content\">\n      <div class=\"heading-wrapper\">\n        <h2 class=\"heading\">Pilfood\u00ae Complex Energy Hair \u2013 Comprimidos<\/h2>\n      <\/div>\n      <div class=\"product-card-description\">El 96% de los usuarios confirman un aumento de cabellos\n\n<\/div>\n                      <\/div>\n  <\/a>\n      <div class=\"button-wrapper\">\n    <a\n      href=https:\/\/pilfood.es\/es\/producto\/pilfood-complex-energy-hair-comprimidos\/\n      target=_self\n      class=\"theme-button button-primary-color rounded-button\"\n      rel=\"noopener\"\n      title=\"M\u00e1s informaci\u00f3n\"\n    >\n       M\u00e1s informaci\u00f3n\n    <\/a>\n<\/div>  <\/div>\n            <\/div>\n                      <div class=\"swiper-slide\">\n              <div class=\"product-card\" data-testid=\"product-card\">\n  <a\n    href=https:\/\/pilfood.es\/es\/producto\/pilfood-complex-plus-45\/\n    class=\"product-card-link\"\n    title=\"Pilfood\u00ae Complex Plus 45\"\n  >\n  <figure class=\"product-card-image\" data-testid=\"product-image\">\n                          <img decoding=\"async\" src=\"https:\/\/pilfood.es\/cdn-cgi\/image\/width=700,format=auto\/app\/uploads\/2023\/03\/Pilfood-Plus-45.png\"\n        srcset=\"https:\/\/pilfood.es\/cdn-cgi\/image\/width=250,format=auto\/app\/uploads\/2023\/03\/Pilfood-Plus-45.png 250w,\n                https:\/\/pilfood.es\/cdn-cgi\/image\/width=500,format=auto\/app\/uploads\/2023\/03\/Pilfood-Plus-45.png 500w,\n                https:\/\/pilfood.es\/cdn-cgi\/image\/width=700,format=auto\/app\/uploads\/2023\/03\/Pilfood-Plus-45.png 700w\"\n        sizes=\"(max-width: 400px) 250px, (max-width: 800px) 500px, 700px\"\n        alt=\"Pilfood\u00ae Complex Plus 45\"\n        class=\"img\">\n            <\/figure>\n    <div class=\"product-card-content\">\n      <div class=\"heading-wrapper\">\n        <h2 class=\"heading\">Pilfood\u00ae Complex Plus 45<\/h2>\n      <\/div>\n      <div class=\"product-card-description\">Un complemento alimenticio adecuado para el periodo de menopausia<\/div>\n                      <\/div>\n  <\/a>\n      <div class=\"button-wrapper\">\n    <a\n      href=https:\/\/pilfood.es\/es\/producto\/pilfood-complex-plus-45\/\n      target=_self\n      class=\"theme-button button-primary-color rounded-button\"\n      rel=\"noopener\"\n      title=\"M\u00e1s informaci\u00f3n\"\n    >\n       M\u00e1s informaci\u00f3n\n    <\/a>\n<\/div>  <\/div>\n            <\/div>\n                      <div class=\"swiper-slide\">\n              <div class=\"product-card\" data-testid=\"product-card\">\n  <a\n    href=https:\/\/pilfood.es\/es\/producto\/pilfood-complex-postpartum\/\n    class=\"product-card-link\"\n    title=\"Pilfood\u00ae Complex Postpartum\"\n  >\n  <figure class=\"product-card-image\" data-testid=\"product-image\">\n                          <img decoding=\"async\" src=\"https:\/\/pilfood.es\/cdn-cgi\/image\/width=700,format=auto\/app\/uploads\/2023\/03\/Pilfood-Postpartum.png\"\n        srcset=\"https:\/\/pilfood.es\/cdn-cgi\/image\/width=250,format=auto\/app\/uploads\/2023\/03\/Pilfood-Postpartum.png 250w,\n                https:\/\/pilfood.es\/cdn-cgi\/image\/width=500,format=auto\/app\/uploads\/2023\/03\/Pilfood-Postpartum.png 500w,\n                https:\/\/pilfood.es\/cdn-cgi\/image\/width=700,format=auto\/app\/uploads\/2023\/03\/Pilfood-Postpartum.png 700w\"\n        sizes=\"(max-width: 400px) 250px, (max-width: 800px) 500px, 700px\"\n        alt=\"Pilfood Postpartum\"\n        class=\"img\">\n            <\/figure>\n    <div class=\"product-card-content\">\n      <div class=\"heading-wrapper\">\n        <h2 class=\"heading\">Pilfood\u00ae Complex Postpartum<\/h2>\n      <\/div>\n      <div class=\"product-card-description\">Un complemento alimenticio adecuado para el periodo de postparto<\/div>\n                      <\/div>\n  <\/a>\n      <div class=\"button-wrapper\">\n    <a\n      href=https:\/\/pilfood.es\/es\/producto\/pilfood-complex-postpartum\/\n      target=_self\n      class=\"theme-button button-primary-color rounded-button\"\n      rel=\"noopener\"\n      title=\"M\u00e1s informaci\u00f3n\"\n    >\n       M\u00e1s informaci\u00f3n\n    <\/a>\n<\/div>  <\/div>\n            <\/div>\n                      <div class=\"swiper-slide\">\n              <div class=\"product-card\" data-testid=\"product-card\">\n  <a\n    href=https:\/\/pilfood.es\/es\/producto\/pilfood-first-hair-vitamins\/\n    class=\"product-card-link\"\n    title=\"Pilfood\u00ae First Hair Vitamins\"\n  >\n  <figure class=\"product-card-image\" data-testid=\"product-image\">\n                          <img decoding=\"async\" src=\"https:\/\/pilfood.es\/cdn-cgi\/image\/width=700,format=auto\/app\/uploads\/2023\/03\/Pilfood-gummies.png\"\n        srcset=\"https:\/\/pilfood.es\/cdn-cgi\/image\/width=250,format=auto\/app\/uploads\/2023\/03\/Pilfood-gummies.png 250w,\n                https:\/\/pilfood.es\/cdn-cgi\/image\/width=500,format=auto\/app\/uploads\/2023\/03\/Pilfood-gummies.png 500w,\n                https:\/\/pilfood.es\/cdn-cgi\/image\/width=700,format=auto\/app\/uploads\/2023\/03\/Pilfood-gummies.png 700w\"\n        sizes=\"(max-width: 400px) 250px, (max-width: 800px) 500px, 700px\"\n        alt=\"Pilfood\u00ae First Hair Vitamins\"\n        class=\"img\">\n            <\/figure>\n    <div class=\"product-card-content\">\n      <div class=\"heading-wrapper\">\n        <h2 class=\"heading\">Pilfood\u00ae First Hair Vitamins<\/h2>\n      <\/div>\n      <div class=\"product-card-description\">Complemento alimenticio con vitaminas <\/div>\n                      <\/div>\n  <\/a>\n      <div class=\"button-wrapper\">\n    <a\n      href=https:\/\/pilfood.es\/es\/producto\/pilfood-first-hair-vitamins\/\n      target=_self\n      class=\"theme-button button-primary-color rounded-button\"\n      rel=\"noopener\"\n      title=\"M\u00e1s informaci\u00f3n\"\n    >\n       M\u00e1s informaci\u00f3n\n    <\/a>\n<\/div>  <\/div>\n            <\/div>\n                      <div class=\"swiper-slide\">\n              <div class=\"product-card\" data-testid=\"product-card\">\n  <a\n    href=https:\/\/pilfood.es\/es\/producto\/pilfood-direct-champu-anticaida\/\n    class=\"product-card-link\"\n    title=\"Pilfood\u00ae Direct Champ\u00fa Antica\u00edda\"\n  >\n  <figure class=\"product-card-image\" data-testid=\"product-image\">\n                          <img decoding=\"async\" src=\"https:\/\/pilfood.es\/cdn-cgi\/image\/width=700,format=auto\/app\/uploads\/2023\/03\/Nuevo-Champu\u0301-Pilfood-ATC.png\"\n        srcset=\"https:\/\/pilfood.es\/cdn-cgi\/image\/width=250,format=auto\/app\/uploads\/2023\/03\/Nuevo-Champu\u0301-Pilfood-ATC.png 250w,\n                https:\/\/pilfood.es\/cdn-cgi\/image\/width=500,format=auto\/app\/uploads\/2023\/03\/Nuevo-Champu\u0301-Pilfood-ATC.png 500w,\n                https:\/\/pilfood.es\/cdn-cgi\/image\/width=700,format=auto\/app\/uploads\/2023\/03\/Nuevo-Champu\u0301-Pilfood-ATC.png 700w\"\n        sizes=\"(max-width: 400px) 250px, (max-width: 800px) 500px, 700px\"\n        alt=\"Pilfood\u00ae Direct Champ\u00fa Antica\u00edda\"\n        class=\"img\">\n            <\/figure>\n    <div class=\"product-card-content\">\n      <div class=\"heading-wrapper\">\n        <h2 class=\"heading\">Pilfood\u00ae Direct Champ\u00fa Antica\u00edda<\/h2>\n      <\/div>\n      <div class=\"product-card-description\">Refuerza el cabello y mejora su fijaci\u00f3n al cuero cabelludo <\/div>\n                      <\/div>\n  <\/a>\n      <div class=\"button-wrapper\">\n    <a\n      href=https:\/\/pilfood.es\/es\/producto\/pilfood-direct-champu-anticaida\/\n      target=_self\n      class=\"theme-button button-primary-color rounded-button\"\n      rel=\"noopener\"\n      title=\"M\u00e1s informaci\u00f3n\"\n    >\n       M\u00e1s informaci\u00f3n\n    <\/a>\n<\/div>  <\/div>\n            <\/div>\n                  <\/div>\n        <div class=\"swiper-scrollbar\"><\/div>\n      <\/div>\n    <\/div>\n  <\/div>\n","protected":false},"excerpt":{"rendered":"","protected":false},"author":2,"featured_media":196,"comment_status":"closed","ping_status":"closed","sticky":false,"template":"","format":"standard","meta":{"_acf_changed":false,"footnotes":""},"categories":[29],"tags":[],"class_list":["post-194","post","type-post","status-publish","format-standard","has-post-thumbnail","hentry","category-hombre-y-mujer"],"acf":[],"yoast_head":"<!-- This site is optimized with the Yoast SEO plugin v26.6 - https:\/\/yoast.com\/wordpress\/plugins\/seo\/ -->\n<title>\u00bfPor qu\u00e9 se cae m\u00e1s el cabello en oto\u00f1o? - Pilfood<\/title>\n<meta name=\"description\" content=\"Aunque no a todo el mundo le pasa, cuando se produce el cambio de estaci\u00f3n de verano a oto\u00f1o nuestro cabello cae m\u00e1s. \u00bfQuieres saber por qu\u00e9?\" \/>\n<meta name=\"robots\" content=\"index, follow, max-snippet:-1, max-image-preview:large, max-video-preview:-1\" \/>\n<link rel=\"canonical\" href=\"https:\/\/pilfood.es\/es\/blog\/hombre-y-mujer\/por-que-se-cae-mas-el-cabello-en-otono\/\" \/>\n<meta property=\"og:locale\" content=\"es_ES\" \/>\n<meta property=\"og:type\" content=\"article\" \/>\n<meta property=\"og:title\" content=\"\u00bfPor qu\u00e9 se cae m\u00e1s el cabello en oto\u00f1o? - Pilfood\" \/>\n<meta property=\"og:description\" content=\"Aunque no a todo el mundo le pasa, cuando se produce el cambio de estaci\u00f3n de verano a oto\u00f1o nuestro cabello cae m\u00e1s. \u00bfQuieres saber por qu\u00e9?\" \/>\n<meta property=\"og:url\" content=\"https:\/\/pilfood.es\/es\/blog\/hombre-y-mujer\/por-que-se-cae-mas-el-cabello-en-otono\/\" \/>\n<meta property=\"og:site_name\" content=\"Pilfood\" \/>\n<meta property=\"article:published_time\" content=\"2023-03-16T10:34:02+00:00\" \/>\n<meta property=\"article:modified_time\" content=\"2025-05-06T06:04:25+00:00\" \/>\n<meta property=\"og:image\" content=\"https:\/\/pilfood.es\/app\/uploads\/2023\/03\/por-que.jpg\" \/>\n\t<meta property=\"og:image:width\" content=\"400\" \/>\n\t<meta property=\"og:image:height\" content=\"600\" \/>\n\t<meta property=\"og:image:type\" content=\"image\/jpeg\" \/>\n<meta name=\"author\" content=\"Karodoo\" \/>\n<meta name=\"twitter:card\" content=\"summary_large_image\" \/>\n<meta name=\"twitter:label1\" content=\"Escrito por\" \/>\n\t<meta name=\"twitter:data1\" content=\"Karodoo\" \/>\n\t<meta name=\"twitter:label2\" content=\"Tiempo de lectura\" \/>\n\t<meta name=\"twitter:data2\" content=\"2 minutos\" \/>\n<script type=\"application\/ld+json\" class=\"yoast-schema-graph\">{\"@context\":\"https:\/\/schema.org\",\"@graph\":[{\"@type\":\"Article\",\"@id\":\"https:\/\/pilfood.es\/es\/blog\/hombre-y-mujer\/por-que-se-cae-mas-el-cabello-en-otono\/#article\",\"isPartOf\":{\"@id\":\"https:\/\/pilfood.es\/es\/blog\/hombre-y-mujer\/por-que-se-cae-mas-el-cabello-en-otono\/\"},\"author\":{\"name\":\"Karodoo\",\"@id\":\"https:\/\/pilfood.es\/es\/#\/schema\/person\/50ed40c09085978dd30dfb0279d19f98\"},\"headline\":\"\u00bfPor qu\u00e9 se cae m\u00e1s el cabello en oto\u00f1o?\",\"datePublished\":\"2023-03-16T10:34:02+00:00\",\"dateModified\":\"2025-05-06T06:04:25+00:00\",\"mainEntityOfPage\":{\"@id\":\"https:\/\/pilfood.es\/es\/blog\/hombre-y-mujer\/por-que-se-cae-mas-el-cabello-en-otono\/\"},\"wordCount\":316,\"publisher\":{\"@id\":\"https:\/\/pilfood.es\/es\/#organization\"},\"image\":{\"@id\":\"https:\/\/pilfood.es\/es\/blog\/hombre-y-mujer\/por-que-se-cae-mas-el-cabello-en-otono\/#primaryimage\"},\"thumbnailUrl\":\"https:\/\/pilfood.es\/app\/uploads\/2023\/03\/por-que.jpg\",\"articleSection\":[\"Hombre y Mujer\"],\"inLanguage\":\"es\"},{\"@type\":\"WebPage\",\"@id\":\"https:\/\/pilfood.es\/es\/blog\/hombre-y-mujer\/por-que-se-cae-mas-el-cabello-en-otono\/\",\"url\":\"https:\/\/pilfood.es\/es\/blog\/hombre-y-mujer\/por-que-se-cae-mas-el-cabello-en-otono\/\",\"name\":\"\u00bfPor qu\u00e9 se cae m\u00e1s el cabello en oto\u00f1o? - Pilfood\",\"isPartOf\":{\"@id\":\"https:\/\/pilfood.es\/es\/#website\"},\"primaryImageOfPage\":{\"@id\":\"https:\/\/pilfood.es\/es\/blog\/hombre-y-mujer\/por-que-se-cae-mas-el-cabello-en-otono\/#primaryimage\"},\"image\":{\"@id\":\"https:\/\/pilfood.es\/es\/blog\/hombre-y-mujer\/por-que-se-cae-mas-el-cabello-en-otono\/#primaryimage\"},\"thumbnailUrl\":\"https:\/\/pilfood.es\/app\/uploads\/2023\/03\/por-que.jpg\",\"datePublished\":\"2023-03-16T10:34:02+00:00\",\"dateModified\":\"2025-05-06T06:04:25+00:00\",\"description\":\"Aunque no a todo el mundo le pasa, cuando se produce el cambio de estaci\u00f3n de verano a oto\u00f1o nuestro cabello cae m\u00e1s. \u00bfQuieres saber por qu\u00e9?\",\"breadcrumb\":{\"@id\":\"https:\/\/pilfood.es\/es\/blog\/hombre-y-mujer\/por-que-se-cae-mas-el-cabello-en-otono\/#breadcrumb\"},\"inLanguage\":\"es\",\"potentialAction\":[{\"@type\":\"ReadAction\",\"target\":[\"https:\/\/pilfood.es\/es\/blog\/hombre-y-mujer\/por-que-se-cae-mas-el-cabello-en-otono\/\"]}]},{\"@type\":\"ImageObject\",\"inLanguage\":\"es\",\"@id\":\"https:\/\/pilfood.es\/es\/blog\/hombre-y-mujer\/por-que-se-cae-mas-el-cabello-en-otono\/#primaryimage\",\"url\":\"https:\/\/pilfood.es\/app\/uploads\/2023\/03\/por-que.jpg\",\"contentUrl\":\"https:\/\/pilfood.es\/app\/uploads\/2023\/03\/por-que.jpg\",\"width\":400,\"height\":600,\"caption\":\"\u00bfPor qu\u00e9 se cae m\u00e1s el cabello en oto\u00f1o?\"},{\"@type\":\"BreadcrumbList\",\"@id\":\"https:\/\/pilfood.es\/es\/blog\/hombre-y-mujer\/por-que-se-cae-mas-el-cabello-en-otono\/#breadcrumb\",\"itemListElement\":[{\"@type\":\"ListItem\",\"position\":1,\"name\":\"Home\",\"item\":\"https:\/\/pilfood.es\/es\/\"},{\"@type\":\"ListItem\",\"position\":2,\"name\":\"\u00bfPor qu\u00e9 se cae m\u00e1s el cabello en oto\u00f1o?\"}]},{\"@type\":\"WebSite\",\"@id\":\"https:\/\/pilfood.es\/es\/#website\",\"url\":\"https:\/\/pilfood.es\/es\/\",\"name\":\"Pilfood\",\"description\":\"\",\"publisher\":{\"@id\":\"https:\/\/pilfood.es\/es\/#organization\"},\"potentialAction\":[{\"@type\":\"SearchAction\",\"target\":{\"@type\":\"EntryPoint\",\"urlTemplate\":\"https:\/\/pilfood.es\/es\/?s={search_term_string}\"},\"query-input\":{\"@type\":\"PropertyValueSpecification\",\"valueRequired\":true,\"valueName\":\"search_term_string\"}}],\"inLanguage\":\"es\"},{\"@type\":\"Organization\",\"@id\":\"https:\/\/pilfood.es\/es\/#organization\",\"name\":\"Pilfood\",\"url\":\"https:\/\/pilfood.es\/es\/\",\"logo\":{\"@type\":\"ImageObject\",\"inLanguage\":\"es\",\"@id\":\"https:\/\/pilfood.es\/es\/#\/schema\/logo\/image\/\",\"url\":\"https:\/\/pilfood.es\/app\/uploads\/2023\/03\/Pilfood.png\",\"contentUrl\":\"https:\/\/pilfood.es\/app\/uploads\/2023\/03\/Pilfood.png\",\"width\":164,\"height\":79,\"caption\":\"Pilfood\"},\"image\":{\"@id\":\"https:\/\/pilfood.es\/es\/#\/schema\/logo\/image\/\"}},{\"@type\":\"Person\",\"@id\":\"https:\/\/pilfood.es\/es\/#\/schema\/person\/50ed40c09085978dd30dfb0279d19f98\",\"name\":\"Karodoo\",\"url\":\"https:\/\/pilfood.es\/es\/author\/karodoo\/\"}]}<\/script>\n<!-- \/ Yoast SEO plugin. -->","yoast_head_json":{"title":"\u00bfPor qu\u00e9 se cae m\u00e1s el cabello en oto\u00f1o? - Pilfood","description":"Aunque no a todo el mundo le pasa, cuando se produce el cambio de estaci\u00f3n de verano a oto\u00f1o nuestro cabello cae m\u00e1s. \u00bfQuieres saber por qu\u00e9?","robots":{"index":"index","follow":"follow","max-snippet":"max-snippet:-1","max-image-preview":"max-image-preview:large","max-video-preview":"max-video-preview:-1"},"canonical":"https:\/\/pilfood.es\/es\/blog\/hombre-y-mujer\/por-que-se-cae-mas-el-cabello-en-otono\/","og_locale":"es_ES","og_type":"article","og_title":"\u00bfPor qu\u00e9 se cae m\u00e1s el cabello en oto\u00f1o? - Pilfood","og_description":"Aunque no a todo el mundo le pasa, cuando se produce el cambio de estaci\u00f3n de verano a oto\u00f1o nuestro cabello cae m\u00e1s. \u00bfQuieres saber por qu\u00e9?","og_url":"https:\/\/pilfood.es\/es\/blog\/hombre-y-mujer\/por-que-se-cae-mas-el-cabello-en-otono\/","og_site_name":"Pilfood","article_published_time":"2023-03-16T10:34:02+00:00","article_modified_time":"2025-05-06T06:04:25+00:00","og_image":[{"width":400,"height":600,"url":"https:\/\/pilfood.es\/app\/uploads\/2023\/03\/por-que.jpg","type":"image\/jpeg"}],"author":"Karodoo","twitter_card":"summary_large_image","twitter_misc":{"Escrito por":"Karodoo","Tiempo de lectura":"2 minutos"},"schema":{"@context":"https:\/\/schema.org","@graph":[{"@type":"Article","@id":"https:\/\/pilfood.es\/es\/blog\/hombre-y-mujer\/por-que-se-cae-mas-el-cabello-en-otono\/#article","isPartOf":{"@id":"https:\/\/pilfood.es\/es\/blog\/hombre-y-mujer\/por-que-se-cae-mas-el-cabello-en-otono\/"},"author":{"name":"Karodoo","@id":"https:\/\/pilfood.es\/es\/#\/schema\/person\/50ed40c09085978dd30dfb0279d19f98"},"headline":"\u00bfPor qu\u00e9 se cae m\u00e1s el cabello en oto\u00f1o?","datePublished":"2023-03-16T10:34:02+00:00","dateModified":"2025-05-06T06:04:25+00:00","mainEntityOfPage":{"@id":"https:\/\/pilfood.es\/es\/blog\/hombre-y-mujer\/por-que-se-cae-mas-el-cabello-en-otono\/"},"wordCount":316,"publisher":{"@id":"https:\/\/pilfood.es\/es\/#organization"},"image":{"@id":"https:\/\/pilfood.es\/es\/blog\/hombre-y-mujer\/por-que-se-cae-mas-el-cabello-en-otono\/#primaryimage"},"thumbnailUrl":"https:\/\/pilfood.es\/app\/uploads\/2023\/03\/por-que.jpg","articleSection":["Hombre y Mujer"],"inLanguage":"es"},{"@type":"WebPage","@id":"https:\/\/pilfood.es\/es\/blog\/hombre-y-mujer\/por-que-se-cae-mas-el-cabello-en-otono\/","url":"https:\/\/pilfood.es\/es\/blog\/hombre-y-mujer\/por-que-se-cae-mas-el-cabello-en-otono\/","name":"\u00bfPor qu\u00e9 se cae m\u00e1s el cabello en oto\u00f1o? - Pilfood","isPartOf":{"@id":"https:\/\/pilfood.es\/es\/#website"},"primaryImageOfPage":{"@id":"https:\/\/pilfood.es\/es\/blog\/hombre-y-mujer\/por-que-se-cae-mas-el-cabello-en-otono\/#primaryimage"},"image":{"@id":"https:\/\/pilfood.es\/es\/blog\/hombre-y-mujer\/por-que-se-cae-mas-el-cabello-en-otono\/#primaryimage"},"thumbnailUrl":"https:\/\/pilfood.es\/app\/uploads\/2023\/03\/por-que.jpg","datePublished":"2023-03-16T10:34:02+00:00","dateModified":"2025-05-06T06:04:25+00:00","description":"Aunque no a todo el mundo le pasa, cuando se produce el cambio de estaci\u00f3n de verano a oto\u00f1o nuestro cabello cae m\u00e1s. \u00bfQuieres saber por qu\u00e9?","breadcrumb":{"@id":"https:\/\/pilfood.es\/es\/blog\/hombre-y-mujer\/por-que-se-cae-mas-el-cabello-en-otono\/#breadcrumb"},"inLanguage":"es","potentialAction":[{"@type":"ReadAction","target":["https:\/\/pilfood.es\/es\/blog\/hombre-y-mujer\/por-que-se-cae-mas-el-cabello-en-otono\/"]}]},{"@type":"ImageObject","inLanguage":"es","@id":"https:\/\/pilfood.es\/es\/blog\/hombre-y-mujer\/por-que-se-cae-mas-el-cabello-en-otono\/#primaryimage","url":"https:\/\/pilfood.es\/app\/uploads\/2023\/03\/por-que.jpg","contentUrl":"https:\/\/pilfood.es\/app\/uploads\/2023\/03\/por-que.jpg","width":400,"height":600,"caption":"\u00bfPor qu\u00e9 se cae m\u00e1s el cabello en oto\u00f1o?"},{"@type":"BreadcrumbList","@id":"https:\/\/pilfood.es\/es\/blog\/hombre-y-mujer\/por-que-se-cae-mas-el-cabello-en-otono\/#breadcrumb","itemListElement":[{"@type":"ListItem","position":1,"name":"Home","item":"https:\/\/pilfood.es\/es\/"},{"@type":"ListItem","position":2,"name":"\u00bfPor qu\u00e9 se cae m\u00e1s el cabello en oto\u00f1o?"}]},{"@type":"WebSite","@id":"https:\/\/pilfood.es\/es\/#website","url":"https:\/\/pilfood.es\/es\/","name":"Pilfood","description":"","publisher":{"@id":"https:\/\/pilfood.es\/es\/#organization"},"potentialAction":[{"@type":"SearchAction","target":{"@type":"EntryPoint","urlTemplate":"https:\/\/pilfood.es\/es\/?s={search_term_string}"},"query-input":{"@type":"PropertyValueSpecification","valueRequired":true,"valueName":"search_term_string"}}],"inLanguage":"es"},{"@type":"Organization","@id":"https:\/\/pilfood.es\/es\/#organization","name":"Pilfood","url":"https:\/\/pilfood.es\/es\/","logo":{"@type":"ImageObject","inLanguage":"es","@id":"https:\/\/pilfood.es\/es\/#\/schema\/logo\/image\/","url":"https:\/\/pilfood.es\/app\/uploads\/2023\/03\/Pilfood.png","contentUrl":"https:\/\/pilfood.es\/app\/uploads\/2023\/03\/Pilfood.png","width":164,"height":79,"caption":"Pilfood"},"image":{"@id":"https:\/\/pilfood.es\/es\/#\/schema\/logo\/image\/"}},{"@type":"Person","@id":"https:\/\/pilfood.es\/es\/#\/schema\/person\/50ed40c09085978dd30dfb0279d19f98","name":"Karodoo","url":"https:\/\/pilfood.es\/es\/author\/karodoo\/"}]}},"_links":{"self":[{"href":"https:\/\/pilfood.es\/es\/wp-json\/wp\/v2\/posts\/194","targetHints":{"allow":["GET"]}}],"collection":[{"href":"https:\/\/pilfood.es\/es\/wp-json\/wp\/v2\/posts"}],"about":[{"href":"https:\/\/pilfood.es\/es\/wp-json\/wp\/v2\/types\/post"}],"author":[{"embeddable":true,"href":"https:\/\/pilfood.es\/es\/wp-json\/wp\/v2\/users\/2"}],"replies":[{"embeddable":true,"href":"https:\/\/pilfood.es\/es\/wp-json\/wp\/v2\/comments?post=194"}],"version-history":[{"count":5,"href":"https:\/\/pilfood.es\/es\/wp-json\/wp\/v2\/posts\/194\/revisions"}],"predecessor-version":[{"id":471,"href":"https:\/\/pilfood.es\/es\/wp-json\/wp\/v2\/posts\/194\/revisions\/471"}],"wp:featuredmedia":[{"embeddable":true,"href":"https:\/\/pilfood.es\/es\/wp-json\/wp\/v2\/media\/196"}],"wp:attachment":[{"href":"https:\/\/pilfood.es\/es\/wp-json\/wp\/v2\/media?parent=194"}],"wp:term":[{"taxonomy":"category","embeddable":true,"href":"https:\/\/pilfood.es\/es\/wp-json\/wp\/v2\/categories?post=194"},{"taxonomy":"post_tag","embeddable":true,"href":"https:\/\/pilfood.es\/es\/wp-json\/wp\/v2\/tags?post=194"}],"curies":[{"name":"wp","href":"https:\/\/api.w.org\/{rel}","templated":true}]}}