{"id":206,"date":"2023-03-16T14:48:58","date_gmt":"2023-03-16T13:48:58","guid":{"rendered":"https:\/\/pilfood.es\/?p=206"},"modified":"2025-05-06T08:04:22","modified_gmt":"2025-05-06T06:04:22","slug":"como-cuidar-tu-pelo-para-la-vuelta-al-trabajo","status":"publish","type":"post","link":"https:\/\/pilfood.es\/es\/blog\/hombre-y-mujer\/como-cuidar-tu-pelo-para-la-vuelta-al-trabajo\/","title":{"rendered":"\u00bfC\u00f3mo cuidar tu pelo para la vuelta al trabajo?"},"content":{"rendered":"\n<div class=\"wp-block-karopharma-product-promotion text-align-left pt-medium pb-medium bg-center bg-cover bg-no-repeat  is-style-primary\" style=\"background-image:url()\"><div class=\"container max-w-medium\">\n<div class=\"wp-block-group is-layout-flow wp-block-group-is-layout-flow\">\n<figure class=\"wp-block-karopharma-product-promotion-image product-promotion-image\"><img fetchpriority=\"high\" decoding=\"async\" datatest=\"image\" src=\"https:\/\/pilfood.es\/cdn-cgi\/image\/format=auto\/app\/uploads\/2023\/03\/Como-cuidar.jpg\" loading=\"eager\" alt=\"\u00bfC\u00f3mo cuidar tu pelo para la vuelta al trabajo?\" width=\"512\" height=\"694\" srcset=\"https:\/\/pilfood.es\/cdn-cgi\/image\/format=auto,width=584\/app\/uploads\/2023\/03\/Como-cuidar.jpg 584w, https:\/\/pilfood.es\/cdn-cgi\/image\/format=auto,width=272\/app\/uploads\/2023\/03\/Como-cuidar.jpg 272w\" sizes=\"(max-width: 584px) 100vw, 584px\"\/><\/figure>\n<\/div>\n\n\n\n<div class=\"wp-block-group is-layout-flow wp-block-group-is-layout-flow\">\n<h1 class=\"title is-style-heading-large wp-block-heading\">\u00bfC\u00f3mo cuidar tu pelo para la vuelta al trabajo?\n<\/h1>\n\n\n\n<h2 class=\"heading is-style-heading-h1 wp-block-heading\"><\/h2>\n\n\n\n<p class=\"is-style-paragraph-preamble\">Las vacaciones est\u00e1n a punto de acabarse y el retorno a la rutina del trabajo se encuentra a la vuelta de la esquina. Es momento de concienciarse para entrar con buen pie en esta nueva temporada y, tambi\u00e9n, de cuidar nuestro cabello de los excesos de las vacaciones.<\/p>\n\n\n\n<div class=\"wp-block-buttons is-layout-flex wp-block-buttons-is-layout-flex\"><\/div>\n<\/div>\n<\/div><\/div>\n\n\n\n<div class=\"wp-block-karopharma-free-text pt-large pb-large bg-center bg-cover bg-no-repeat\" style=\"background-image:url()\"><div class=\"free-text-wrapper container max-w-medium text-left\">\n<p>El sol, la piscina, el viento, el mar\u2026 son los grandes indispensables en verano pero tambi\u00e9n tienen efectos negativos en el cuero cabelludo. Aqu\u00ed tienes algunos cuidados b\u00e1sicos para que tu pelo recupere la forma y vuelva a lucir el volumen, la suavidad y el brillo que ten\u00eda antes de las vacaciones.<\/p>\n\n\n\n<ul class=\"is-style-default wp-block-list\"><li>Escoge un champ\u00fa no agresivo y muy hidratante. No hace falta que te laves el pelo todos los d\u00edas, si por tu tipo de cabello no lo requieres, lo que necesita ahora tu pelo es hidrataci\u00f3n. Y si puedes utiliza acondicionador tambi\u00e9n hidratante para aplicarlo de medios a puntas. El champ\u00fa antica\u00edda Pilfood<sup>\u00ae<\/sup> Direct, adem\u00e1s, te proporcionar\u00e1 una prevenci\u00f3n total frente a la ca\u00edda del cabello, muy importante ahora que es probable que se te caiga m\u00e1s por el cambio de estaci\u00f3n y la llegada del fr\u00edo.<\/li><li>Otro producto para preparar tu pelo para la vuelta al trabajo es la mascarilla. Util\u00edzala al menos una vez por semana, despu\u00e9s del acondicionador, y deja que penetre bien en el cabello durante varios minutos.<\/li><li>\u00a1C\u00f3rtate el pelo! Despu\u00e9s de las vacaciones es el momento ideal para cortarte las puntas y as\u00ed sanearlas. De esta manera, tu pelo crecer\u00e1 r\u00e1pido, fuerte y saludable.<\/li><li>Si vas a usar secador, planchas o tenacillas para darle el toque final a tu melena, recuerda aplicar antes alg\u00fan producto que la proteja del calor de estos aparatos. Al acabar el verano tu pelo est\u00e1 m\u00e1s d\u00e9bil y podr\u00edas da\u00f1arlo m\u00e1s.<\/li><li>Con la llegada del oto\u00f1o puede que te ocurra que se te empieza a caer con m\u00e1s abundancia el pelo. No te preocupes, es normal. Pero puedes tratarlo con los comprimidos o c\u00e1psulas Pilfood<sup>\u00ae<\/sup> Complex, que act\u00faan directamente desde la ra\u00edz restituyendo el pelo d\u00e9bil, da\u00f1ado y quebradizo.<\/li><\/ul>\n<\/div><\/div>\n","protected":false},"excerpt":{"rendered":"","protected":false},"author":2,"featured_media":208,"comment_status":"closed","ping_status":"closed","sticky":false,"template":"","format":"standard","meta":{"_acf_changed":false,"footnotes":""},"categories":[29],"tags":[],"class_list":["post-206","post","type-post","status-publish","format-standard","has-post-thumbnail","hentry","category-hombre-y-mujer"],"acf":[],"yoast_head":"<!-- This site is optimized with the Yoast SEO plugin v26.6 - https:\/\/yoast.com\/wordpress\/plugins\/seo\/ -->\n<title>\u00bfC\u00f3mo cuidar tu pelo para la vuelta al trabajo? - Pilfood<\/title>\n<meta name=\"description\" content=\"Es momento de concienciarse para entrar con buen pie en esta nueva temporada y, tambi\u00e9n, de cuidar nuestro cabello de los excesos de las vacaciones.\" \/>\n<meta name=\"robots\" content=\"index, follow, max-snippet:-1, max-image-preview:large, max-video-preview:-1\" \/>\n<link rel=\"canonical\" href=\"https:\/\/pilfood.es\/es\/blog\/hombre-y-mujer\/como-cuidar-tu-pelo-para-la-vuelta-al-trabajo\/\" \/>\n<meta property=\"og:locale\" content=\"es_ES\" \/>\n<meta property=\"og:type\" content=\"article\" \/>\n<meta property=\"og:title\" content=\"\u00bfC\u00f3mo cuidar tu pelo para la vuelta al trabajo? - Pilfood\" \/>\n<meta property=\"og:description\" content=\"Es momento de concienciarse para entrar con buen pie en esta nueva temporada y, tambi\u00e9n, de cuidar nuestro cabello de los excesos de las vacaciones.\" \/>\n<meta property=\"og:url\" content=\"https:\/\/pilfood.es\/es\/blog\/hombre-y-mujer\/como-cuidar-tu-pelo-para-la-vuelta-al-trabajo\/\" \/>\n<meta property=\"og:site_name\" content=\"Pilfood\" \/>\n<meta property=\"article:published_time\" content=\"2023-03-16T13:48:58+00:00\" \/>\n<meta property=\"article:modified_time\" content=\"2025-05-06T06:04:22+00:00\" \/>\n<meta property=\"og:image\" content=\"https:\/\/pilfood.es\/app\/uploads\/2023\/03\/Como-cuidar.jpg\" \/>\n\t<meta property=\"og:image:width\" content=\"512\" \/>\n\t<meta property=\"og:image:height\" content=\"694\" \/>\n\t<meta property=\"og:image:type\" content=\"image\/jpeg\" \/>\n<meta name=\"author\" content=\"Karodoo\" \/>\n<meta name=\"twitter:card\" content=\"summary_large_image\" \/>\n<meta name=\"twitter:label1\" content=\"Escrito por\" \/>\n\t<meta name=\"twitter:data1\" content=\"Karodoo\" \/>\n\t<meta name=\"twitter:label2\" content=\"Tiempo de lectura\" \/>\n\t<meta name=\"twitter:data2\" content=\"2 minutos\" \/>\n<script type=\"application\/ld+json\" class=\"yoast-schema-graph\">{\"@context\":\"https:\/\/schema.org\",\"@graph\":[{\"@type\":\"Article\",\"@id\":\"https:\/\/pilfood.es\/es\/blog\/hombre-y-mujer\/como-cuidar-tu-pelo-para-la-vuelta-al-trabajo\/#article\",\"isPartOf\":{\"@id\":\"https:\/\/pilfood.es\/es\/blog\/hombre-y-mujer\/como-cuidar-tu-pelo-para-la-vuelta-al-trabajo\/\"},\"author\":{\"name\":\"Karodoo\",\"@id\":\"https:\/\/pilfood.es\/es\/#\/schema\/person\/50ed40c09085978dd30dfb0279d19f98\"},\"headline\":\"\u00bfC\u00f3mo cuidar tu pelo para la vuelta al trabajo?\",\"datePublished\":\"2023-03-16T13:48:58+00:00\",\"dateModified\":\"2025-05-06T06:04:22+00:00\",\"mainEntityOfPage\":{\"@id\":\"https:\/\/pilfood.es\/es\/blog\/hombre-y-mujer\/como-cuidar-tu-pelo-para-la-vuelta-al-trabajo\/\"},\"wordCount\":393,\"publisher\":{\"@id\":\"https:\/\/pilfood.es\/es\/#organization\"},\"image\":{\"@id\":\"https:\/\/pilfood.es\/es\/blog\/hombre-y-mujer\/como-cuidar-tu-pelo-para-la-vuelta-al-trabajo\/#primaryimage\"},\"thumbnailUrl\":\"https:\/\/pilfood.es\/app\/uploads\/2023\/03\/Como-cuidar.jpg\",\"articleSection\":[\"Hombre y Mujer\"],\"inLanguage\":\"es\"},{\"@type\":\"WebPage\",\"@id\":\"https:\/\/pilfood.es\/es\/blog\/hombre-y-mujer\/como-cuidar-tu-pelo-para-la-vuelta-al-trabajo\/\",\"url\":\"https:\/\/pilfood.es\/es\/blog\/hombre-y-mujer\/como-cuidar-tu-pelo-para-la-vuelta-al-trabajo\/\",\"name\":\"\u00bfC\u00f3mo cuidar tu pelo para la vuelta al trabajo? - Pilfood\",\"isPartOf\":{\"@id\":\"https:\/\/pilfood.es\/es\/#website\"},\"primaryImageOfPage\":{\"@id\":\"https:\/\/pilfood.es\/es\/blog\/hombre-y-mujer\/como-cuidar-tu-pelo-para-la-vuelta-al-trabajo\/#primaryimage\"},\"image\":{\"@id\":\"https:\/\/pilfood.es\/es\/blog\/hombre-y-mujer\/como-cuidar-tu-pelo-para-la-vuelta-al-trabajo\/#primaryimage\"},\"thumbnailUrl\":\"https:\/\/pilfood.es\/app\/uploads\/2023\/03\/Como-cuidar.jpg\",\"datePublished\":\"2023-03-16T13:48:58+00:00\",\"dateModified\":\"2025-05-06T06:04:22+00:00\",\"description\":\"Es momento de concienciarse para entrar con buen pie en esta nueva temporada y, tambi\u00e9n, de cuidar nuestro cabello de los excesos de las vacaciones.\",\"breadcrumb\":{\"@id\":\"https:\/\/pilfood.es\/es\/blog\/hombre-y-mujer\/como-cuidar-tu-pelo-para-la-vuelta-al-trabajo\/#breadcrumb\"},\"inLanguage\":\"es\",\"potentialAction\":[{\"@type\":\"ReadAction\",\"target\":[\"https:\/\/pilfood.es\/es\/blog\/hombre-y-mujer\/como-cuidar-tu-pelo-para-la-vuelta-al-trabajo\/\"]}]},{\"@type\":\"ImageObject\",\"inLanguage\":\"es\",\"@id\":\"https:\/\/pilfood.es\/es\/blog\/hombre-y-mujer\/como-cuidar-tu-pelo-para-la-vuelta-al-trabajo\/#primaryimage\",\"url\":\"https:\/\/pilfood.es\/app\/uploads\/2023\/03\/Como-cuidar.jpg\",\"contentUrl\":\"https:\/\/pilfood.es\/app\/uploads\/2023\/03\/Como-cuidar.jpg\",\"width\":512,\"height\":694,\"caption\":\"\u00bfC\u00f3mo cuidar tu pelo para la vuelta al trabajo?\"},{\"@type\":\"BreadcrumbList\",\"@id\":\"https:\/\/pilfood.es\/es\/blog\/hombre-y-mujer\/como-cuidar-tu-pelo-para-la-vuelta-al-trabajo\/#breadcrumb\",\"itemListElement\":[{\"@type\":\"ListItem\",\"position\":1,\"name\":\"Home\",\"item\":\"https:\/\/pilfood.es\/es\/\"},{\"@type\":\"ListItem\",\"position\":2,\"name\":\"\u00bfC\u00f3mo cuidar tu pelo para la vuelta al trabajo?\"}]},{\"@type\":\"WebSite\",\"@id\":\"https:\/\/pilfood.es\/es\/#website\",\"url\":\"https:\/\/pilfood.es\/es\/\",\"name\":\"Pilfood\",\"description\":\"\",\"publisher\":{\"@id\":\"https:\/\/pilfood.es\/es\/#organization\"},\"potentialAction\":[{\"@type\":\"SearchAction\",\"target\":{\"@type\":\"EntryPoint\",\"urlTemplate\":\"https:\/\/pilfood.es\/es\/?s={search_term_string}\"},\"query-input\":{\"@type\":\"PropertyValueSpecification\",\"valueRequired\":true,\"valueName\":\"search_term_string\"}}],\"inLanguage\":\"es\"},{\"@type\":\"Organization\",\"@id\":\"https:\/\/pilfood.es\/es\/#organization\",\"name\":\"Pilfood\",\"url\":\"https:\/\/pilfood.es\/es\/\",\"logo\":{\"@type\":\"ImageObject\",\"inLanguage\":\"es\",\"@id\":\"https:\/\/pilfood.es\/es\/#\/schema\/logo\/image\/\",\"url\":\"https:\/\/pilfood.es\/app\/uploads\/2023\/03\/Pilfood.png\",\"contentUrl\":\"https:\/\/pilfood.es\/app\/uploads\/2023\/03\/Pilfood.png\",\"width\":164,\"height\":79,\"caption\":\"Pilfood\"},\"image\":{\"@id\":\"https:\/\/pilfood.es\/es\/#\/schema\/logo\/image\/\"}},{\"@type\":\"Person\",\"@id\":\"https:\/\/pilfood.es\/es\/#\/schema\/person\/50ed40c09085978dd30dfb0279d19f98\",\"name\":\"Karodoo\",\"url\":\"https:\/\/pilfood.es\/es\/author\/karodoo\/\"}]}<\/script>\n<!-- \/ Yoast SEO plugin. -->","yoast_head_json":{"title":"\u00bfC\u00f3mo cuidar tu pelo para la vuelta al trabajo? - Pilfood","description":"Es momento de concienciarse para entrar con buen pie en esta nueva temporada y, tambi\u00e9n, de cuidar nuestro cabello de los excesos de las vacaciones.","robots":{"index":"index","follow":"follow","max-snippet":"max-snippet:-1","max-image-preview":"max-image-preview:large","max-video-preview":"max-video-preview:-1"},"canonical":"https:\/\/pilfood.es\/es\/blog\/hombre-y-mujer\/como-cuidar-tu-pelo-para-la-vuelta-al-trabajo\/","og_locale":"es_ES","og_type":"article","og_title":"\u00bfC\u00f3mo cuidar tu pelo para la vuelta al trabajo? - Pilfood","og_description":"Es momento de concienciarse para entrar con buen pie en esta nueva temporada y, tambi\u00e9n, de cuidar nuestro cabello de los excesos de las vacaciones.","og_url":"https:\/\/pilfood.es\/es\/blog\/hombre-y-mujer\/como-cuidar-tu-pelo-para-la-vuelta-al-trabajo\/","og_site_name":"Pilfood","article_published_time":"2023-03-16T13:48:58+00:00","article_modified_time":"2025-05-06T06:04:22+00:00","og_image":[{"width":512,"height":694,"url":"https:\/\/pilfood.es\/app\/uploads\/2023\/03\/Como-cuidar.jpg","type":"image\/jpeg"}],"author":"Karodoo","twitter_card":"summary_large_image","twitter_misc":{"Escrito por":"Karodoo","Tiempo de lectura":"2 minutos"},"schema":{"@context":"https:\/\/schema.org","@graph":[{"@type":"Article","@id":"https:\/\/pilfood.es\/es\/blog\/hombre-y-mujer\/como-cuidar-tu-pelo-para-la-vuelta-al-trabajo\/#article","isPartOf":{"@id":"https:\/\/pilfood.es\/es\/blog\/hombre-y-mujer\/como-cuidar-tu-pelo-para-la-vuelta-al-trabajo\/"},"author":{"name":"Karodoo","@id":"https:\/\/pilfood.es\/es\/#\/schema\/person\/50ed40c09085978dd30dfb0279d19f98"},"headline":"\u00bfC\u00f3mo cuidar tu pelo para la vuelta al trabajo?","datePublished":"2023-03-16T13:48:58+00:00","dateModified":"2025-05-06T06:04:22+00:00","mainEntityOfPage":{"@id":"https:\/\/pilfood.es\/es\/blog\/hombre-y-mujer\/como-cuidar-tu-pelo-para-la-vuelta-al-trabajo\/"},"wordCount":393,"publisher":{"@id":"https:\/\/pilfood.es\/es\/#organization"},"image":{"@id":"https:\/\/pilfood.es\/es\/blog\/hombre-y-mujer\/como-cuidar-tu-pelo-para-la-vuelta-al-trabajo\/#primaryimage"},"thumbnailUrl":"https:\/\/pilfood.es\/app\/uploads\/2023\/03\/Como-cuidar.jpg","articleSection":["Hombre y Mujer"],"inLanguage":"es"},{"@type":"WebPage","@id":"https:\/\/pilfood.es\/es\/blog\/hombre-y-mujer\/como-cuidar-tu-pelo-para-la-vuelta-al-trabajo\/","url":"https:\/\/pilfood.es\/es\/blog\/hombre-y-mujer\/como-cuidar-tu-pelo-para-la-vuelta-al-trabajo\/","name":"\u00bfC\u00f3mo cuidar tu pelo para la vuelta al trabajo? - Pilfood","isPartOf":{"@id":"https:\/\/pilfood.es\/es\/#website"},"primaryImageOfPage":{"@id":"https:\/\/pilfood.es\/es\/blog\/hombre-y-mujer\/como-cuidar-tu-pelo-para-la-vuelta-al-trabajo\/#primaryimage"},"image":{"@id":"https:\/\/pilfood.es\/es\/blog\/hombre-y-mujer\/como-cuidar-tu-pelo-para-la-vuelta-al-trabajo\/#primaryimage"},"thumbnailUrl":"https:\/\/pilfood.es\/app\/uploads\/2023\/03\/Como-cuidar.jpg","datePublished":"2023-03-16T13:48:58+00:00","dateModified":"2025-05-06T06:04:22+00:00","description":"Es momento de concienciarse para entrar con buen pie en esta nueva temporada y, tambi\u00e9n, de cuidar nuestro cabello de los excesos de las vacaciones.","breadcrumb":{"@id":"https:\/\/pilfood.es\/es\/blog\/hombre-y-mujer\/como-cuidar-tu-pelo-para-la-vuelta-al-trabajo\/#breadcrumb"},"inLanguage":"es","potentialAction":[{"@type":"ReadAction","target":["https:\/\/pilfood.es\/es\/blog\/hombre-y-mujer\/como-cuidar-tu-pelo-para-la-vuelta-al-trabajo\/"]}]},{"@type":"ImageObject","inLanguage":"es","@id":"https:\/\/pilfood.es\/es\/blog\/hombre-y-mujer\/como-cuidar-tu-pelo-para-la-vuelta-al-trabajo\/#primaryimage","url":"https:\/\/pilfood.es\/app\/uploads\/2023\/03\/Como-cuidar.jpg","contentUrl":"https:\/\/pilfood.es\/app\/uploads\/2023\/03\/Como-cuidar.jpg","width":512,"height":694,"caption":"\u00bfC\u00f3mo cuidar tu pelo para la vuelta al trabajo?"},{"@type":"BreadcrumbList","@id":"https:\/\/pilfood.es\/es\/blog\/hombre-y-mujer\/como-cuidar-tu-pelo-para-la-vuelta-al-trabajo\/#breadcrumb","itemListElement":[{"@type":"ListItem","position":1,"name":"Home","item":"https:\/\/pilfood.es\/es\/"},{"@type":"ListItem","position":2,"name":"\u00bfC\u00f3mo cuidar tu pelo para la vuelta al trabajo?"}]},{"@type":"WebSite","@id":"https:\/\/pilfood.es\/es\/#website","url":"https:\/\/pilfood.es\/es\/","name":"Pilfood","description":"","publisher":{"@id":"https:\/\/pilfood.es\/es\/#organization"},"potentialAction":[{"@type":"SearchAction","target":{"@type":"EntryPoint","urlTemplate":"https:\/\/pilfood.es\/es\/?s={search_term_string}"},"query-input":{"@type":"PropertyValueSpecification","valueRequired":true,"valueName":"search_term_string"}}],"inLanguage":"es"},{"@type":"Organization","@id":"https:\/\/pilfood.es\/es\/#organization","name":"Pilfood","url":"https:\/\/pilfood.es\/es\/","logo":{"@type":"ImageObject","inLanguage":"es","@id":"https:\/\/pilfood.es\/es\/#\/schema\/logo\/image\/","url":"https:\/\/pilfood.es\/app\/uploads\/2023\/03\/Pilfood.png","contentUrl":"https:\/\/pilfood.es\/app\/uploads\/2023\/03\/Pilfood.png","width":164,"height":79,"caption":"Pilfood"},"image":{"@id":"https:\/\/pilfood.es\/es\/#\/schema\/logo\/image\/"}},{"@type":"Person","@id":"https:\/\/pilfood.es\/es\/#\/schema\/person\/50ed40c09085978dd30dfb0279d19f98","name":"Karodoo","url":"https:\/\/pilfood.es\/es\/author\/karodoo\/"}]}},"_links":{"self":[{"href":"https:\/\/pilfood.es\/es\/wp-json\/wp\/v2\/posts\/206","targetHints":{"allow":["GET"]}}],"collection":[{"href":"https:\/\/pilfood.es\/es\/wp-json\/wp\/v2\/posts"}],"about":[{"href":"https:\/\/pilfood.es\/es\/wp-json\/wp\/v2\/types\/post"}],"author":[{"embeddable":true,"href":"https:\/\/pilfood.es\/es\/wp-json\/wp\/v2\/users\/2"}],"replies":[{"embeddable":true,"href":"https:\/\/pilfood.es\/es\/wp-json\/wp\/v2\/comments?post=206"}],"version-history":[{"count":2,"href":"https:\/\/pilfood.es\/es\/wp-json\/wp\/v2\/posts\/206\/revisions"}],"predecessor-version":[{"id":469,"href":"https:\/\/pilfood.es\/es\/wp-json\/wp\/v2\/posts\/206\/revisions\/469"}],"wp:featuredmedia":[{"embeddable":true,"href":"https:\/\/pilfood.es\/es\/wp-json\/wp\/v2\/media\/208"}],"wp:attachment":[{"href":"https:\/\/pilfood.es\/es\/wp-json\/wp\/v2\/media?parent=206"}],"wp:term":[{"taxonomy":"category","embeddable":true,"href":"https:\/\/pilfood.es\/es\/wp-json\/wp\/v2\/categories?post=206"},{"taxonomy":"post_tag","embeddable":true,"href":"https:\/\/pilfood.es\/es\/wp-json\/wp\/v2\/tags?post=206"}],"curies":[{"name":"wp","href":"https:\/\/api.w.org\/{rel}","templated":true}]}}